{"id":178,"date":"2009-07-24T06:29:24","date_gmt":"2009-07-24T05:29:24","guid":{"rendered":"http:\/\/guidoschwarz.at\/blog\/?p=178"},"modified":"2017-07-15T09:58:23","modified_gmt":"2017-07-15T08:58:23","slug":"klimawandel-am-wiener-gurtel","status":"publish","type":"post","link":"https:\/\/guidoschwarz.at\/blog\/klimawandel-am-wiener-gurtel\/","title":{"rendered":"Klimawandel am Wiener G\u00fcrtel"},"content":{"rendered":"<p>&#8230;oder doch nur ein ganz normales Sommergewitter?<\/p>\n<p>Das Foto (aufgenommen von Michi Steinbach) stammt von gestern 23 Uhr Ecke G\u00fcrtel\/Gentzgasse, k\u00f6nnte aber auch vom letzten Hochwasser in Steyr oder Dresden oder wo auch immer in Europa sein. <\/p>\n<p>Am Ring wimmelt es von abgebrochenen B\u00e4umen, die Feuerwehr hatte Hochbetrieb. Aber daf\u00fcr sah Wien noch viel gr\u00fcner aus, als es sonst ist &#8211; was an den Unmengen herabgebrochener Bl\u00e4tter und \u00c4ste auf den Stra\u00dfen lag.<\/p>\n<p> Klimawandel oder nur ein Gewitter aufgrund eines au\u00dfergew\u00f6hnlich hei\u00dfen und schw\u00fclen Tages gestern?<\/p>\n<p>Darauf l\u00e4sst sich wahrscheinlich keine gute Antwort finden, vielleicht passt am besten ein Zitat von Frau Prof. Kromp-Kolb vom Sustainable World Congress 2009 (gestern und heute in Schloss Grafenegg):<\/p>\n<p>&#8222;Ein \u00dcberleben der Menschheit k\u00f6nnen wir uns im Zuge des notwendigen Wirtschaftswachstums nicht leisten!&#8220;<br \/>\n<center><img decoding=\"async\" src=\"http:\/\/guidoschwarz.at\/blog\/bilder\/2009.07.24_Wasser\/wasser.jpg\" title=\"wasser.jpg\" alt=\"wasser.jpg\" \/><\/center><br \/>\nBild: \u00dcberschwemmung<\/p>\n","protected":false},"excerpt":{"rendered":"<p>&#8230;oder doch nur ein ganz normales Sommergewitter? Das Foto (aufgenommen von Michi Steinbach) stammt von gestern 23 Uhr Ecke G\u00fcrtel\/Gentzgasse, k\u00f6nnte aber auch vom letzten Hochwasser in Steyr oder Dresden oder wo auch immer in Europa sein. Am Ring wimmelt<\/p>\n","protected":false},"author":1,"featured_media":0,"comment_status":"open","ping_status":"open","sticky":false,"template":"","format":"standard","meta":{"footnotes":""},"categories":[5],"tags":[],"class_list":["post-178","post","type-post","status-publish","format-standard","hentry","category-provokantes"],"_links":{"self":[{"href":"https:\/\/guidoschwarz.at\/blog\/wp-json\/wp\/v2\/posts\/178","targetHints":{"allow":["GET"]}}],"collection":[{"href":"https:\/\/guidoschwarz.at\/blog\/wp-json\/wp\/v2\/posts"}],"about":[{"href":"https:\/\/guidoschwarz.at\/blog\/wp-json\/wp\/v2\/types\/post"}],"author":[{"embeddable":true,"href":"https:\/\/guidoschwarz.at\/blog\/wp-json\/wp\/v2\/users\/1"}],"replies":[{"embeddable":true,"href":"https:\/\/guidoschwarz.at\/blog\/wp-json\/wp\/v2\/comments?post=178"}],"version-history":[{"count":1,"href":"https:\/\/guidoschwarz.at\/blog\/wp-json\/wp\/v2\/posts\/178\/revisions"}],"predecessor-version":[{"id":2229,"href":"https:\/\/guidoschwarz.at\/blog\/wp-json\/wp\/v2\/posts\/178\/revisions\/2229"}],"wp:attachment":[{"href":"https:\/\/guidoschwarz.at\/blog\/wp-json\/wp\/v2\/media?parent=178"}],"wp:term":[{"taxonomy":"category","embeddable":true,"href":"https:\/\/guidoschwarz.at\/blog\/wp-json\/wp\/v2\/categories?post=178"},{"taxonomy":"post_tag","embeddable":true,"href":"https:\/\/guidoschwarz.at\/blog\/wp-json\/wp\/v2\/tags?post=178"}],"curies":[{"name":"wp","href":"https:\/\/api.w.org\/{rel}","templated":true}]}}