{"id":183,"date":"2009-07-27T12:46:24","date_gmt":"2009-07-27T11:46:24","guid":{"rendered":"http:\/\/guidoschwarz.at\/blog\/?p=183"},"modified":"2017-07-15T09:59:43","modified_gmt":"2017-07-15T08:59:43","slug":"mehr-drehmoment-bitte-der-neue-porsche-911-gt3","status":"publish","type":"post","link":"https:\/\/guidoschwarz.at\/blog\/mehr-drehmoment-bitte-der-neue-porsche-911-gt3\/","title":{"rendered":"Mehr Drehmoment bitte! &#8211; der neue Porsche 911 GT3"},"content":{"rendered":"<p>\u00dcbrigens: ich habe Porschefahrer unter meinen Freunden, die trotz ihres Bolidens verantwortungsvoll mit der Umwelt umgehen. Vielleicht fallen mir Artikel wie der folgende ja gerade deshalb auf:<\/p>\n<p> Aus einer Werbeaussendung von Porsche (von medianet gedruckt):<\/p>\n<p>&#8222;435 PS gibt der auf 3,8 l vergr\u00f6\u00dferte Sechszylinder-Saugmotor jetzt ab, ein Plus von 20 PS gegen\u00fcber dem Vorg\u00e4ngermodell. Zudem bietet die Kraftkur des Boxermotors einen besonders im Alltagsbetrieb sp\u00fcrbaren Drehmomentzuwachs im mittleren Drehzahlbereich.&#8220;<\/p>\n<p>Hm, ich \u00fcberlege, wie mein Alltagsbetrieb aussieht. Beim Abliefern eines Buchmanuskripts k\u00e4men mir 20 zus\u00e4tzliche PS durchaus zugute. Und am Weg zum Billa z\u00e4hlt Drehmoment, Drehmoment und nochmals Drehmoment &#8211; sonst k\u00e4me ich ja nie an und die Milch wird sauer. Endlich ein Auto, das alltagstauglich ist!<\/p>\n<p>Wie ist das eigentlich mit dem Fahrrad, mit dem ich zum Supermarkt komme. Hat das auch gen\u00fcgend Drehmoment im mittleren Bereich?<br \/>\nUnd wenn ich zu Fu\u00df einkaufen gehe (was ich mich schon fast nicht mehr traue, ist ja erb\u00e4rmlich, mit so wenig Drehmoment, Drehmoment, Drehmoment), bezeichnet man das dann als &#8222;Gehmoment&#8220;?<\/p>\n<p>Wenn einer an mir vorbeibraust, mit diesem als &#8222;Super-Sportler&#8220; bezeichneten Auto, ist der Fahrer dann automatisch auch ein Supersportler? N\u00fctzt es dann was, wenn ich vom Gehen ins leichte Traben falle (das Billa-Sackerl wackelt dann so unangenehm) &#8211; der Porsche schafft immerhin 312 km\/h Spitze, da kann ich im Laufschritt wahrscheinlich nicht mithalten.<\/p>\n<p>Porsche gibt bekannt, dass gleichzeitig die Abgasemissionen verringert werden konnten &#8211; ha, da kann ich mithalten, sowohl am Fahrrad als auch zu Fu\u00df.<br \/>\nObwohl, wenn ich furzen muss, z\u00e4hlt das dann als Abgaswert? Und wie ist das, wenn der Porsche-Fahrer furzen muss, etwa wenn er (wie Porsche angibt) aus dem Stand in 8,2 Sekunden auf 160 beschleunigt, da kann einem ja versehentlich einer auskommen, z\u00e4hlt das dann als zus\u00e4tzlicher Abgaswert?<br \/>\nJa ja, der neue Porsche wirft viele Fragen auf, speziell f\u00fcr unseren Alltag.<\/p>\n","protected":false},"excerpt":{"rendered":"<p>\u00dcbrigens: ich habe Porschefahrer unter meinen Freunden, die trotz ihres Bolidens verantwortungsvoll mit der Umwelt umgehen. Vielleicht fallen mir Artikel wie der folgende ja gerade deshalb auf: Aus einer Werbeaussendung von Porsche (von medianet gedruckt): &#8222;435 PS gibt der auf<\/p>\n","protected":false},"author":1,"featured_media":0,"comment_status":"open","ping_status":"open","sticky":false,"template":"","format":"standard","meta":{"footnotes":""},"categories":[5],"tags":[],"class_list":["post-183","post","type-post","status-publish","format-standard","hentry","category-provokantes"],"_links":{"self":[{"href":"https:\/\/guidoschwarz.at\/blog\/wp-json\/wp\/v2\/posts\/183","targetHints":{"allow":["GET"]}}],"collection":[{"href":"https:\/\/guidoschwarz.at\/blog\/wp-json\/wp\/v2\/posts"}],"about":[{"href":"https:\/\/guidoschwarz.at\/blog\/wp-json\/wp\/v2\/types\/post"}],"author":[{"embeddable":true,"href":"https:\/\/guidoschwarz.at\/blog\/wp-json\/wp\/v2\/users\/1"}],"replies":[{"embeddable":true,"href":"https:\/\/guidoschwarz.at\/blog\/wp-json\/wp\/v2\/comments?post=183"}],"version-history":[{"count":1,"href":"https:\/\/guidoschwarz.at\/blog\/wp-json\/wp\/v2\/posts\/183\/revisions"}],"predecessor-version":[{"id":2230,"href":"https:\/\/guidoschwarz.at\/blog\/wp-json\/wp\/v2\/posts\/183\/revisions\/2230"}],"wp:attachment":[{"href":"https:\/\/guidoschwarz.at\/blog\/wp-json\/wp\/v2\/media?parent=183"}],"wp:term":[{"taxonomy":"category","embeddable":true,"href":"https:\/\/guidoschwarz.at\/blog\/wp-json\/wp\/v2\/categories?post=183"},{"taxonomy":"post_tag","embeddable":true,"href":"https:\/\/guidoschwarz.at\/blog\/wp-json\/wp\/v2\/tags?post=183"}],"curies":[{"name":"wp","href":"https:\/\/api.w.org\/{rel}","templated":true}]}}