{"id":43,"date":"2009-01-16T17:58:49","date_gmt":"2009-01-16T16:58:49","guid":{"rendered":"http:\/\/guidoschwarz.at\/blog\/?p=43"},"modified":"2017-07-15T07:05:14","modified_gmt":"2017-07-15T06:05:14","slug":"manager-feuern","status":"publish","type":"post","link":"https:\/\/guidoschwarz.at\/blog\/manager-feuern\/","title":{"rendered":"Manager oder Mitarbeiter &#8211; wer geh\u00f6rt gefeuert?"},"content":{"rendered":"<p><strong>Eine leicht provokante Analyse, passend zur Situation<\/strong><\/p>\n<p>Wer die Weltwirtschaft in den letzten Jahren aufmerksam beobachtet hat, konnte folgenden Trend feststellen:<br \/>\nJe mehr Verlust ein Unternehmen schreibt, desto mehr MitarbeiterInnen werden gefeuert. So weit, so klar.<br \/>\nBei genauerem Hinsehen stellt sich oft heraus, dass in der Gesch\u00e4ftsf\u00fchrung Millionen oder gar Milliarden Euro verspekuliert wurden. Gehen m\u00fcssen dann jedoch immer die MitarbeiterInnen ganz unten, selten bis nie die Manager ganz oben.<br \/>\nLiegen die Verluste an der schlechten Arbeitsleistung der Mitarbeiter? Wohl eher nicht.<\/p>\n<p>Ich pl\u00e4diere daf\u00fcr, diesen Trend umzukehren, aufgrund folgender Hypothese: Die Verluste durch verspekuliertes Geld sind h\u00f6her als die Einsparungsm\u00f6glichkeiten durch Entlassungen oder gar die Personalkosten selbst.<br \/>\nIch behaupte, zwei Faktoren wurden &#8211; meiner Ansicht nach unberechtigterweise &#8211; zum Mythos erhoben:<br \/>\n1. Finanzielle Probleme entstehen durch Personalkosten<br \/>\n2. Finanzielle Probleme entstehen durch Lagerkosten (dazu ein andermal)<\/p>\n<p>Eine Bereinigung, besser: eine Berichtigung dieser Mythen w\u00fcrde das bewirken, was die B\u00f6rsen derzeit enorm dringend brauchen: eine Reparatur des Vertrauensverh\u00e4ltnisses der AnlegerInnen zu den Finanzm\u00e4rkten. Dazu ist es notwendig, Ross und Reiter zu unterscheiden &#8211; die Suche sollte bei der Gier der Manager (bewusst nicht gegendert, es sind fast nur M\u00e4nner) beginnen, nicht bei den MitarbeiterInnen an der Basis. Auch in einem kapitalistischen System sollte der schlampige bis fahrl\u00e4ssige Umgang mit Ressourcen nicht ungestraft m\u00f6glich sein, ob die nun Kapital, Menschen oder Material hei\u00dfen.<br \/>\nDie derzeitige S\u00e4uberung auf den Finanzm\u00e4rkten kann nur dann eine positive Ver\u00e4nderung bringen, wenn sie dort sauber macht, wo auch Schmutz vorhanden ist.<\/p>\n","protected":false},"excerpt":{"rendered":"<p>Eine leicht provokante Analyse, passend zur Situation Wer die Weltwirtschaft in den letzten Jahren aufmerksam beobachtet hat, konnte folgenden Trend feststellen: Je mehr Verlust ein Unternehmen schreibt, desto mehr MitarbeiterInnen werden gefeuert. So weit, so klar. Bei genauerem Hinsehen stellt<\/p>\n","protected":false},"author":1,"featured_media":0,"comment_status":"open","ping_status":"open","sticky":false,"template":"","format":"standard","meta":{"footnotes":""},"categories":[5],"tags":[],"class_list":["post-43","post","type-post","status-publish","format-standard","hentry","category-provokantes"],"_links":{"self":[{"href":"https:\/\/guidoschwarz.at\/blog\/wp-json\/wp\/v2\/posts\/43","targetHints":{"allow":["GET"]}}],"collection":[{"href":"https:\/\/guidoschwarz.at\/blog\/wp-json\/wp\/v2\/posts"}],"about":[{"href":"https:\/\/guidoschwarz.at\/blog\/wp-json\/wp\/v2\/types\/post"}],"author":[{"embeddable":true,"href":"https:\/\/guidoschwarz.at\/blog\/wp-json\/wp\/v2\/users\/1"}],"replies":[{"embeddable":true,"href":"https:\/\/guidoschwarz.at\/blog\/wp-json\/wp\/v2\/comments?post=43"}],"version-history":[{"count":2,"href":"https:\/\/guidoschwarz.at\/blog\/wp-json\/wp\/v2\/posts\/43\/revisions"}],"predecessor-version":[{"id":2209,"href":"https:\/\/guidoschwarz.at\/blog\/wp-json\/wp\/v2\/posts\/43\/revisions\/2209"}],"wp:attachment":[{"href":"https:\/\/guidoschwarz.at\/blog\/wp-json\/wp\/v2\/media?parent=43"}],"wp:term":[{"taxonomy":"category","embeddable":true,"href":"https:\/\/guidoschwarz.at\/blog\/wp-json\/wp\/v2\/categories?post=43"},{"taxonomy":"post_tag","embeddable":true,"href":"https:\/\/guidoschwarz.at\/blog\/wp-json\/wp\/v2\/tags?post=43"}],"curies":[{"name":"wp","href":"https:\/\/api.w.org\/{rel}","templated":true}]}}