{"id":623,"date":"2011-06-13T19:33:15","date_gmt":"2011-06-13T18:33:15","guid":{"rendered":"http:\/\/guidoschwarz.at\/blog\/?p=623"},"modified":"2011-06-13T19:33:15","modified_gmt":"2011-06-13T18:33:15","slug":"guido-traumt-heute-traum-1-von-12-a1-andert-nix","status":"publish","type":"post","link":"https:\/\/guidoschwarz.at\/blog\/guido-traumt-heute-traum-1-von-12-a1-andert-nix\/","title":{"rendered":"Guido tr\u00e4umt! Heute Traum 1 von 12: A1 \u00e4ndert nix"},"content":{"rendered":"<p>Es passiert meist in der Nacht und hin und wieder erinnere ich mich an meine Tr\u00e4ume. Daher kann ich sie auch berichten. Heute gibt es den ersten von zw\u00f6lf Tr\u00e4umen:<\/p>\n<p>Mir tr\u00e4umte, dass der Chef der Telekom, ein gewisser Herr Ametsreiter, eine Pressekonferenz gibt, bei der er folgendes berichtet: <\/p>\n<p>&#8222;Im Zuge der Umstrukturierung standen wir vor der Frage, ob wir auch unser Marketing \u00e4ndern m\u00fcssen. Es stand etwa zur Debatte, den Namen &#8222;A1&#8220; in etwas Neues umzu\u00e4ndern, oder auch nur das Logo leicht zu ver\u00e4ndern und aus dem alten A1 quasi ein neues A1 zu machen. Aber dann fiel uns auf, dass das erstens jede Menge Geld kosten w\u00fcrde und zweitens den Kunden herzlich egal w\u00e4re. Die w\u00fcrden den Unterschied vom alten zum neuen A1 nicht einmal bemerken, sie wollen Leistung und Service. Das wissen wir, weil wir das erste Mal etwas gemacht haben, was sonst total un\u00fcblich ist: Wir haben unsere Kunden gefragt! Sie haben gesagt: &#8222;Das ist uns wurscht&#8220;.<br \/>\nBisher haben wir uns das entweder gar nicht getraut oder Alibi-Umfragen gemacht. Diesmal haben wir ihnen wirklich zugeh\u00f6rt und ihre Meinung ernst genommen. Das war intern gar nicht so einfach durchzusetzen, aber auch bei uns gibt es eine Gruppe junger MitarbeiterInnen, die sehr engagiert und mutig sind und bereit, neue Wege zu gehen.<\/p>\n<p>Also haben wir beschlossen, gar nichts zu \u00e4ndern und das Geld zu sparen. Das hat uns auch jede Menge Umstellung erspart: den Austausch aller Logos in ganz \u00d6sterreich, den Austausch aller Drucksorten, die Umprogrammierung der Websites etc. Das w\u00e4re in die Millionen gegangen und niemand h\u00e4tte was davon gehabt, au\u00dfer der Werbeagentur.<br \/>\nZudem wurde uns das erste Mal so richtig bewusst, dass wir auch eine gewisse Verantwortung der Umwelt gegen\u00fcber haben. Tonnen Papier, Farbe, Energie &#8211; all das haben wir gespart. Das ist auch Ausdruck unseres neuen Selbstverst\u00e4ndnisses, das wir hier das erste Mal in die Tat umsetzen: nicht nur uns selbst beweihr\u00e4uchern, sondern an das Au\u00dfen denken, an die Umwelt, an die Kunden, an die Welt.<br \/>\nIch freue mich, dass wir nicht den falschen Weg gegangen sind und bin stolz auf uns.&#8220;<\/p>\n<p>Schade, dass das nur ein Traum war. Wahrscheinlich wird noch viel Wasser die Donau hinunter flie\u00dfen, bis der Riese Telekom in die Zukunft aufbricht.<\/p>\n","protected":false},"excerpt":{"rendered":"<p>Es passiert meist in der Nacht und hin und wieder erinnere ich mich an meine Tr\u00e4ume. Daher kann ich sie auch berichten. Heute gibt es den ersten von zw\u00f6lf Tr\u00e4umen: Mir tr\u00e4umte, dass der Chef der Telekom, ein gewisser Herr<\/p>\n","protected":false},"author":1,"featured_media":0,"comment_status":"open","ping_status":"open","sticky":false,"template":"","format":"standard","meta":{"footnotes":""},"categories":[5],"tags":[],"class_list":["post-623","post","type-post","status-publish","format-standard","hentry","category-provokantes"],"_links":{"self":[{"href":"https:\/\/guidoschwarz.at\/blog\/wp-json\/wp\/v2\/posts\/623","targetHints":{"allow":["GET"]}}],"collection":[{"href":"https:\/\/guidoschwarz.at\/blog\/wp-json\/wp\/v2\/posts"}],"about":[{"href":"https:\/\/guidoschwarz.at\/blog\/wp-json\/wp\/v2\/types\/post"}],"author":[{"embeddable":true,"href":"https:\/\/guidoschwarz.at\/blog\/wp-json\/wp\/v2\/users\/1"}],"replies":[{"embeddable":true,"href":"https:\/\/guidoschwarz.at\/blog\/wp-json\/wp\/v2\/comments?post=623"}],"version-history":[{"count":1,"href":"https:\/\/guidoschwarz.at\/blog\/wp-json\/wp\/v2\/posts\/623\/revisions"}],"predecessor-version":[{"id":624,"href":"https:\/\/guidoschwarz.at\/blog\/wp-json\/wp\/v2\/posts\/623\/revisions\/624"}],"wp:attachment":[{"href":"https:\/\/guidoschwarz.at\/blog\/wp-json\/wp\/v2\/media?parent=623"}],"wp:term":[{"taxonomy":"category","embeddable":true,"href":"https:\/\/guidoschwarz.at\/blog\/wp-json\/wp\/v2\/categories?post=623"},{"taxonomy":"post_tag","embeddable":true,"href":"https:\/\/guidoschwarz.at\/blog\/wp-json\/wp\/v2\/tags?post=623"}],"curies":[{"name":"wp","href":"https:\/\/api.w.org\/{rel}","templated":true}]}}