{"id":632,"date":"2011-06-24T12:05:09","date_gmt":"2011-06-24T11:05:09","guid":{"rendered":"http:\/\/guidoschwarz.at\/blog\/?p=632"},"modified":"2011-06-24T12:05:09","modified_gmt":"2011-06-24T11:05:09","slug":"guido-traumt-heute-traum-3-von-12-osterreichs-energie-wird-grun","status":"publish","type":"post","link":"https:\/\/guidoschwarz.at\/blog\/guido-traumt-heute-traum-3-von-12-osterreichs-energie-wird-grun\/","title":{"rendered":"Guido tr\u00e4umt! Heute Traum 3 von 12: \u00d6sterreichs Energie wird gr\u00fcn"},"content":{"rendered":"<p>Es passiert meist in der Nacht und hin und wieder erinnere ich mich an meine Tr\u00e4ume. Daher kann ich sie auch berichten. Heute gibt es den dritten von zw\u00f6lf Tr\u00e4umen:<\/p>\n<p>Mir tr\u00e4umte, dass sich die OMV, alle gro\u00dfen Energiekonzerne (Verbund, EVN, Wienstrom) plus die alternativen Energieerzeuger plus die Landeshauptleute plus der Wirtschaftsminister zu einer gro\u00dfen Pressekonferenz einfinden, auf der sie Folgendes bekannt geben:<\/p>\n<p>&#8222;Wir haben uns gemeinsam dazu entschlossen, \u00d6sterreich bis 2030 energieautark zu machen. Das ist ein gro\u00dfer, ein sehr gro\u00dfer Schritt, der uns nicht leicht gefallen ist, den wir mussten erkennen, dass unsere Bem\u00fchungen bisher eigentlich eher Nicht-Bem\u00fchungen, begleitet von eher alibihaften Aktionen waren.<br \/>\nWir haben uns in einem ersten Schritt von dem Knebelvertrag getrennt, den wir noch vor kurzem erneuert haben und der uns verpflichtet hat, den Russen 25 Jahre lang Gas abzukaufen und dieses auch dann zu bezahlen, wenn wir es gar nicht mehr nehmen. Das ist auch zugleich unser erster Schritt, mit dem wir zeigen, dass wir uns nicht mehr von der \u00d6l-, Gas-, Kohle- und Atomlobby f\u00fcr dumm verkaufen lassen.<br \/>\nEs ist n\u00e4mlich durchaus m\u00f6glich, im Land gen\u00fcgend Strom umweltfreundlich zu erzeugen, um sowohl die Wirtschaft als auch alle Privathaushalte zu versorgen, inklusive dem Verkehr.<br \/>\nWir setzen auf eine massive F\u00f6rderung lokaler und regionaler alternativer Stromerzeugung, die f\u00fcr uns in Zukunft nicht mehr alternativ, sondern ganz normal sein wird. Wir f\u00f6rdern die Autarkie und somit auch die Autonomie der Gemeinden und fordern sie auf, nach einem weiterentwickelten G\u00fcssing-Modell ihren Strom selbst zu erzeugen und in ein gemeinsames Verbundnetz einzuspeisen. Wir werden extrem attraktive Einspeistarife f\u00fcr private Stromerzeuger anbieten und so bei den Menschen ein Bewusstsein schaffen, dass Strom wertvoll ist, dass man ihn selbst erzeugen kann und dass man aber auch sparsam damit umgehen sollte. Durch Sparen und Erzeugen k\u00f6nnen wir den Bedarf decken und sogar noch etwas exportieren, um unsere Nachbarn in eine \u00e4hnliche Richtung zu lenken.<br \/>\nWir werden auf Solarkollektorenergie setzen und auf kleine Wirbelstromkraftwerke, die die Natur nicht sch\u00e4digen und in einem direkten Partizipationsmodell mit der Bev\u00f6lkerung errichtet werden. Wir sind der Ansicht, dass Windr\u00e4der weniger h\u00e4sslich sind als Kohle- und Gaskraftwerke und weniger stark strahlen als Atommeiler.<br \/>\nDie bisher versteckte F\u00f6rderung fossiler Energien wird mit sofortiger Wirkung gestoppt, und zwar zur G\u00e4nze. Das ist ein Schritt, mit dem wir uns nicht nur Freunde machen, aber es ist ein Schritt im Sinne unserer Bev\u00f6lkerung, der jahrelang erz\u00e4hlt wurde, dass sie nur mit \u00d6l \u00fcberleben kann.&#8220;<\/p>\n<p>Schade, dass das nur ein Traum ist.<\/p>\n","protected":false},"excerpt":{"rendered":"<p>Es passiert meist in der Nacht und hin und wieder erinnere ich mich an meine Tr\u00e4ume. Daher kann ich sie auch berichten. Heute gibt es den dritten von zw\u00f6lf Tr\u00e4umen: Mir tr\u00e4umte, dass sich die OMV, alle gro\u00dfen Energiekonzerne (Verbund,<\/p>\n","protected":false},"author":1,"featured_media":0,"comment_status":"open","ping_status":"open","sticky":false,"template":"","format":"standard","meta":{"footnotes":""},"categories":[1],"tags":[],"class_list":["post-632","post","type-post","status-publish","format-standard","hentry","category-allgemeines"],"_links":{"self":[{"href":"https:\/\/guidoschwarz.at\/blog\/wp-json\/wp\/v2\/posts\/632","targetHints":{"allow":["GET"]}}],"collection":[{"href":"https:\/\/guidoschwarz.at\/blog\/wp-json\/wp\/v2\/posts"}],"about":[{"href":"https:\/\/guidoschwarz.at\/blog\/wp-json\/wp\/v2\/types\/post"}],"author":[{"embeddable":true,"href":"https:\/\/guidoschwarz.at\/blog\/wp-json\/wp\/v2\/users\/1"}],"replies":[{"embeddable":true,"href":"https:\/\/guidoschwarz.at\/blog\/wp-json\/wp\/v2\/comments?post=632"}],"version-history":[{"count":2,"href":"https:\/\/guidoschwarz.at\/blog\/wp-json\/wp\/v2\/posts\/632\/revisions"}],"predecessor-version":[{"id":635,"href":"https:\/\/guidoschwarz.at\/blog\/wp-json\/wp\/v2\/posts\/632\/revisions\/635"}],"wp:attachment":[{"href":"https:\/\/guidoschwarz.at\/blog\/wp-json\/wp\/v2\/media?parent=632"}],"wp:term":[{"taxonomy":"category","embeddable":true,"href":"https:\/\/guidoschwarz.at\/blog\/wp-json\/wp\/v2\/categories?post=632"},{"taxonomy":"post_tag","embeddable":true,"href":"https:\/\/guidoschwarz.at\/blog\/wp-json\/wp\/v2\/tags?post=632"}],"curies":[{"name":"wp","href":"https:\/\/api.w.org\/{rel}","templated":true}]}}